{"id":103,"count":6,"description":"","link":"https:\/\/weraso.com\/de\/kategorie\/boreala-de\/","name":"BOREALA","slug":"boreala-de","taxonomy":"product_cat","parent":0,"meta":[],"meta_box":{"product-category-metabox-description":"<p data-syno-attrs=\"{&quot;textMarks&quot;:[{&quot;_&quot;:&quot;font_size&quot;,&quot;value&quot;:12},{&quot;_&quot;:&quot;font_family&quot;,&quot;complexScript&quot;:&quot;Arial&quot;,&quot;eastAsia&quot;:&quot;Calibri&quot;,&quot;value&quot;:&quot;Calibri&quot;}]}\"><span data-syno-attrs=\"{&quot;value&quot;:&quot;Calibri&quot;,&quot;eastAsia&quot;:&quot;Calibri&quot;,&quot;complexScript&quot;:&quot;Arial&quot;,&quot;hint&quot;:&quot;default&quot;}\">Die Kollektion Boreala bringt die Ruhe des nordischen Morgenlichts in Ihre R\u00e4ume. Die M\u00f6bel dieser Serie zeichnen sich durch optische Entlastung, harmonische Linien und die au\u00dfergew\u00f6hnliche Handwerkskunst aus Eichenholz aus. Klare, organisch gerundete Formen, glatte Fronten ohne ablenkende Details und nat\u00fcrliche Materialien machen Boreala zur idealen Wahl f\u00fcr ein Interieur, das von Ruhe, Ordnung und Ausgewogenheit gepr\u00e4gt ist. T\u00fcren und Schubladen \u00f6ffnen sich per Push-System, was die Reinheit des Designs unterstreicht und Griffe \u00fcberfl\u00fcssig macht. Die Eichenkommoden mit abgerundeten Kanten oder die Beistelltische dieser Kollektion sind funktionale Solit\u00e4rst\u00fccke. Boreala spricht alle an, die nach Designerm\u00f6beln aus Eiche im warmen und zugleich eleganten nordischen Stil suchen. Die Kollektion ist zeitlos, elegant und trendresistent \u2013 \u200b\u200bgenau wie die Natur selbst, die sie inspiriert hat. Sie eignet sich ideal f\u00fcr moderne Interieurs, in denen Ordnung, Organisation und klare Linien im Vordergrund stehen. Geeignet f\u00fcr B\u00fcros, Wohnzimmer und Ankleidezimmer.<\/span><\/p>\n"},"_links":{"self":[{"href":"https:\/\/weraso.com\/de\/wp-json\/wp\/v2\/product_cat\/103","targetHints":{"allow":["GET"]}}],"collection":[{"href":"https:\/\/weraso.com\/de\/wp-json\/wp\/v2\/product_cat"}],"about":[{"href":"https:\/\/weraso.com\/de\/wp-json\/wp\/v2\/taxonomies\/product_cat"}],"wp:post_type":[{"href":"https:\/\/weraso.com\/de\/wp-json\/wp\/v2\/product?product_cat=103"}],"curies":[{"name":"wp","href":"https:\/\/api.w.org\/{rel}","templated":true}]}}